{"id":9141,"date":"2023-10-31T23:39:13","date_gmt":"2023-10-31T14:39:13","guid":{"rendered":"https:\/\/gorom.org\/?p=9141"},"modified":"2023-10-31T23:39:15","modified_gmt":"2023-10-31T14:39:15","slug":"nuevos-pasantes-del-grow-program","status":"publish","type":"post","link":"https:\/\/gorom.org\/es\/2023\/10\/31\/nuevos-pasantes-del-grow-program\/","title":{"rendered":"\u00a1Nuevos pasantes del GROW Program!"},"content":{"rendered":"\n<p>\u00a1Tres estudiantes de Colombia empezaron a formar parte del GROW Program! Ellos son Mariana Friedrich, Estefan\u00eda Ruiz y Camilo Abello, estudiantes de la Universidad de los Andes. Ellos tres fueron ganadores de una beca parcial de intercambio de un a\u00f1o para profundizar sus conocimientos de lengua y cultura japonesa en la Universidad de Yamanashi Gakuin, en Kofu, Jap\u00f3n. Durante su estad\u00eda por Gorom Association, ellos brindar\u00e1n su apoyo en el \u00e1rea de Comunicaciones y Log\u00edstica de la Asociaci\u00f3n, as\u00ed como en las empresas productoras asociadas. A continuaci\u00f3n, podr\u00e1n leer una peque\u00f1a presentaci\u00f3n de cada estudiante.<\/p>\n\n\n\n<p>____________________________<\/p>\n\n\n\n<p><em>Mariana:<\/em><\/p>\n\n\n\n<p>Hola, soy Mariana Friedrich. Estudio Lenguas y Cultura en la Universidad de los Andes y actualmente estoy haciendo intercambio en Yamanashi Gakuin University. Me gusta mucho hacer deporte, especialmente calistenia. Tambi\u00e9n me encanta leer.<\/p>\n\n\n\n<p>Creo que este programa es una oportunidad para salir de mi zona de confort y aprender nuevas cosas. As\u00ed mismo, la oportunidad de poder traducir desde el japon\u00e9s a diferentes idiomas es muy valiosa para mi. Siento que voy a terminar este programa teniendo muchas m\u00e1s herramientas para poder forjar el camino laboral que quiero.<\/p>\n\n\n\n<p><em>Estefan\u00eda:&nbsp;<\/em><\/p>\n\n\n\n<p>Soy Estefania Ruiz, estudio doble programa en Arte e Historia del Arte, con opci\u00f3n acad\u00e9mica en Lengua y Cultura Japonesa en la Universidad de los Andes. En este momento me encuentro de intercambio en Yamanashi Gakuin University con el programa Exploraci\u00f3n de Jap\u00f3n de la Facultad de Administraci\u00f3n de Empresas.&nbsp;<\/p>\n\n\n\n<p>Desde ni\u00f1a he dedicado mi vida al arte, pinto desde hace m\u00e1s de una d\u00e9cada y en mi trayectoria destacan reconocimientos del Congreso de la Rep\u00fablica de Colombia, la Asociaci\u00f3n de Artistas Pl\u00e1sticos del Per\u00fa y el Museo Frida Khalo en M\u00e9xico. Hace 4 a\u00f1os decid\u00ed orientar mi investigaci\u00f3n pict\u00f3rica hacia el cuerpo entendido desde la cultura japonesa, enfoc\u00e1ndome en la mitolog\u00eda y el folklore regional, impulso que actu\u00f3 como detonante para aplicar a este programa y venir a Jap\u00f3n.<\/p>\n\n\n\n<p>Mis expectativas en este programa de GOROM gravitan en torno a profundizar mis conocimientos en cultura e historia mediante la interacci\u00f3n cotidiana con nativos y extranjeros en el contexto de la industria local del vino, la joyer\u00eda y el tur\u00edsmo. Quiero conocer personas nuevas para crear lazos duraderos y aprender de primera mano sobre el patrimonio de esta regi\u00f3n. Con esto deseo poder aportar mi granito de arena desde los conocimientos que he cultivado en Colombia y as\u00ed poder compartir el encanto de Yamanashi con el resto de los visitantes.<\/p>\n\n\n\n<p><em>Camilo:<\/em><\/p>\n\n\n\n<p>Me llamo Camilo Abello, soy estudiante de Lenguas y Cultura y hago Opci\u00f3n en Lengua y Cultura Japonesa en la Universidad de los Andes. Ahora mismo, soy estudiante de intercambio en la Universidad de Yamanashi Gakuin.&nbsp;<\/p>\n\n\n\n<p>Me interesan mucho las lenguas y culturas extranjeras, las tem\u00e1ticas sociales, la educaci\u00f3n y las artes en general. En mis ratos libres, usualmente me gusta escuchar m\u00fasica, maquillarme, dormir, cocinar, ver videos en YouTube o caminar al aire libre. Asimismo, me llama mucho la atenci\u00f3n el Shinto, la religi\u00f3n aut\u00f3ctona de Jap\u00f3n.<\/p>\n\n\n\n<p>Mis expectativas frente a este programa son poder trabajar en un entorno intercultural, desarrollar mis capacidades y habilidades laborales y, de la misma manera, aportar a la educaci\u00f3n y formaci\u00f3n de personas tanto en Jap\u00f3n como en Latinoam\u00e9rica. Me apasionan much\u00edsimo los medios de comunicaci\u00f3n, por lo tanto, considero que esta es una valiosa oportunidad para explorar m\u00e1s a profundidad este campo y brindar una mirada refrescante al \u00e1rea de Comunicaciones dentro de la asociaci\u00f3n.<\/p>\n\n\n\n<p>___________________________<\/p>\n\n\n\n<p>Les deseamos muchos \u00e9xitos y esperamos poder aportarles una valiosa experiencia durante su estad\u00eda.<\/p>\n\n\n\n<figure class=\"wp-block-gallery has-nested-images columns-default is-cropped wp-block-gallery-1 is-layout-flex wp-block-gallery-is-layout-flex\">\n<figure class=\"wp-block-image size-large\"><img fetchpriority=\"high\" decoding=\"async\" width=\"768\" height=\"1024\" data-id=\"9148\" src=\"https:\/\/gorom.org\/wp-content\/uploads\/2023\/10\/mari-1-768x1024.jpg\" alt=\"\" class=\"wp-image-9148\" srcset=\"https:\/\/gorom.org\/wp-content\/uploads\/2023\/10\/mari-1-768x1024.jpg 768w, https:\/\/gorom.org\/wp-content\/uploads\/2023\/10\/mari-1-225x300.jpg 225w, https:\/\/gorom.org\/wp-content\/uploads\/2023\/10\/mari-1.jpg 960w\" sizes=\"(max-width: 768px) 100vw, 768px\" \/><\/figure>\n\n\n\n<figure class=\"wp-block-image size-large\"><img decoding=\"async\" width=\"576\" height=\"1024\" data-id=\"9151\" src=\"https:\/\/gorom.org\/wp-content\/uploads\/2023\/10\/tefi-1-576x1024.jpg\" alt=\"\" class=\"wp-image-9151\" srcset=\"https:\/\/gorom.org\/wp-content\/uploads\/2023\/10\/tefi-1-576x1024.jpg 576w, https:\/\/gorom.org\/wp-content\/uploads\/2023\/10\/tefi-1-169x300.jpg 169w, https:\/\/gorom.org\/wp-content\/uploads\/2023\/10\/tefi-1-768x1365.jpg 768w, https:\/\/gorom.org\/wp-content\/uploads\/2023\/10\/tefi-1-864x1536.jpg 864w, https:\/\/gorom.org\/wp-content\/uploads\/2023\/10\/tefi-1.jpg 900w\" sizes=\"(max-width: 576px) 100vw, 576px\" \/><\/figure>\n\n\n\n<figure class=\"wp-block-image size-large\"><img decoding=\"async\" width=\"768\" height=\"1024\" data-id=\"9152\" src=\"https:\/\/gorom.org\/wp-content\/uploads\/2023\/10\/cami-768x1024.jpg\" alt=\"\" class=\"wp-image-9152\" srcset=\"https:\/\/gorom.org\/wp-content\/uploads\/2023\/10\/cami-768x1024.jpg 768w, https:\/\/gorom.org\/wp-content\/uploads\/2023\/10\/cami-225x300.jpg 225w, https:\/\/gorom.org\/wp-content\/uploads\/2023\/10\/cami.jpg 960w\" sizes=\"(max-width: 768px) 100vw, 768px\" \/><\/figure>\n\n\n\n<figure class=\"wp-block-image size-large\"><img loading=\"lazy\" decoding=\"async\" width=\"1024\" height=\"576\" data-id=\"9145\" src=\"https:\/\/gorom.org\/wp-content\/uploads\/2023\/10\/Imagen-de-WhatsApp-2023-10-23-a-las-23.16.33_061a5c2b-1-1024x576.jpg\" alt=\"\" class=\"wp-image-9145\" srcset=\"https:\/\/gorom.org\/wp-content\/uploads\/2023\/10\/Imagen-de-WhatsApp-2023-10-23-a-las-23.16.33_061a5c2b-1-1024x576.jpg 1024w, https:\/\/gorom.org\/wp-content\/uploads\/2023\/10\/Imagen-de-WhatsApp-2023-10-23-a-las-23.16.33_061a5c2b-1-300x169.jpg 300w, https:\/\/gorom.org\/wp-content\/uploads\/2023\/10\/Imagen-de-WhatsApp-2023-10-23-a-las-23.16.33_061a5c2b-1-768x432.jpg 768w, https:\/\/gorom.org\/wp-content\/uploads\/2023\/10\/Imagen-de-WhatsApp-2023-10-23-a-las-23.16.33_061a5c2b-1-1536x864.jpg 1536w, https:\/\/gorom.org\/wp-content\/uploads\/2023\/10\/Imagen-de-WhatsApp-2023-10-23-a-las-23.16.33_061a5c2b-1.jpg 1600w\" sizes=\"(max-width: 1024px) 100vw, 1024px\" \/><\/figure>\n<\/figure>\n","protected":false},"excerpt":{"rendered":"<p>\u00a1Tres estudiantes de Colombia empezaron a formar parte del GROW Program! Ellos son Mariana Friedrich, Estefan\u00eda Ruiz y Camilo Abello, estudiantes de la Universidad de los Andes. Ellos tres fueron ganadores de una beca parcial de intercambio de un a\u00f1o para profundizar sus conocimientos de lengua y cultura japonesa en la Universidad de Yamanashi Gakuin, en Kofu, Jap\u00f3n. Durante su estad\u00eda por Gorom Association, ellos brindar\u00e1n su apoyo en el \u00e1rea de Comunicaciones y Log\u00edstica de la Asociaci\u00f3n, as\u00ed como en las empresas productoras asociadas. A continuaci\u00f3n, podr\u00e1n leer una peque\u00f1a presentaci\u00f3n de cada estudiante. ____________________________ Mariana: Hola, soy Mariana Friedrich. Estudio Lenguas y Cultura en la Universidad de los [&hellip;]<\/p>\n","protected":false},"author":2,"featured_media":9142,"comment_status":"closed","ping_status":"closed","sticky":false,"template":"","format":"standard","meta":{"_acf_changed":false,"footnotes":""},"categories":[55,52,119],"tags":[],"class_list":["post-9141","post","type-post","status-publish","format-standard","has-post-thumbnail","hentry","category-noticias","category-informe-de-actividades","category-grow-es"],"acf":[],"_links":{"self":[{"href":"https:\/\/gorom.org\/es\/wp-json\/wp\/v2\/posts\/9141","targetHints":{"allow":["GET"]}}],"collection":[{"href":"https:\/\/gorom.org\/es\/wp-json\/wp\/v2\/posts"}],"about":[{"href":"https:\/\/gorom.org\/es\/wp-json\/wp\/v2\/types\/post"}],"author":[{"embeddable":true,"href":"https:\/\/gorom.org\/es\/wp-json\/wp\/v2\/users\/2"}],"replies":[{"embeddable":true,"href":"https:\/\/gorom.org\/es\/wp-json\/wp\/v2\/comments?post=9141"}],"version-history":[{"count":1,"href":"https:\/\/gorom.org\/es\/wp-json\/wp\/v2\/posts\/9141\/revisions"}],"predecessor-version":[{"id":9157,"href":"https:\/\/gorom.org\/es\/wp-json\/wp\/v2\/posts\/9141\/revisions\/9157"}],"wp:featuredmedia":[{"embeddable":true,"href":"https:\/\/gorom.org\/es\/wp-json\/wp\/v2\/media\/9142"}],"wp:attachment":[{"href":"https:\/\/gorom.org\/es\/wp-json\/wp\/v2\/media?parent=9141"}],"wp:term":[{"taxonomy":"category","embeddable":true,"href":"https:\/\/gorom.org\/es\/wp-json\/wp\/v2\/categories?post=9141"},{"taxonomy":"post_tag","embeddable":true,"href":"https:\/\/gorom.org\/es\/wp-json\/wp\/v2\/tags?post=9141"}],"curies":[{"name":"wp","href":"https:\/\/api.w.org\/{rel}","templated":true}]}}